{"id":2954,"date":"2021-03-03T21:04:32","date_gmt":"2021-03-03T21:04:32","guid":{"rendered":"https:\/\/kristall-klar.ch\/?p=2954"},"modified":"2021-10-04T14:23:14","modified_gmt":"2021-10-04T14:23:14","slug":"fenster-fassadenreinigung-in-zug","status":"publish","type":"post","link":"https:\/\/kristall-klar.ch\/en\/window-and-facade-cleaning-in-zug\/","title":{"rendered":"Window and Facade Cleaning in Zug"},"content":{"rendered":"<div data-elementor-type=\"wp-post\" data-elementor-id=\"2954\" class=\"elementor elementor-2954\" data-elementor-post-type=\"post\">\n\t\t\t\t\t\t<section class=\"elementor-section elementor-top-section elementor-element elementor-element-7ebaa7e elementor-section-boxed elementor-section-height-default elementor-section-height-default\" data-id=\"7ebaa7e\" data-element_type=\"section\" data-e-type=\"section\">\n\t\t\t\t\t\t<div class=\"elementor-container elementor-column-gap-default\">\n\t\t\t\t\t<div class=\"elementor-column elementor-col-100 elementor-top-column elementor-element elementor-element-4419a68f\" data-id=\"4419a68f\" data-element_type=\"column\" data-e-type=\"column\">\n\t\t\t<div class=\"elementor-widget-wrap elementor-element-populated\">\n\t\t\t\t\t\t<div class=\"elementor-element elementor-element-0253bd8 elementor-button-info elementor-widget elementor-widget-button\" data-id=\"0253bd8\" data-element_type=\"widget\" data-e-type=\"widget\" data-widget_type=\"button.default\">\n\t\t\t\t<div class=\"elementor-widget-container\">\n\t\t\t\t\t\t\t\t\t<div class=\"elementor-button-wrapper\">\n\t\t\t\t\t<a class=\"elementor-button elementor-button-link elementor-size-sm\" href=\"https:\/\/kristall-klar.ch\/en\/projects\/\">\n\t\t\t\t\t\t<span class=\"elementor-button-content-wrapper\">\n\t\t\t\t\t\t<span class=\"elementor-button-icon\">\n\t\t\t\t<i aria-hidden=\"true\" class=\"fas fa-chevron-left\"><\/i>\t\t\t<\/span>\n\t\t\t\t\t\t\t\t\t<span class=\"elementor-button-text\">back<\/span>\n\t\t\t\t\t<\/span>\n\t\t\t\t\t<\/a>\n\t\t\t\t<\/div>\n\t\t\t\t\t\t\t\t<\/div>\n\t\t\t\t<\/div>\n\t\t\t\t\t<\/div>\n\t\t<\/div>\n\t\t\t\t\t<\/div>\n\t\t<\/section>\n\t\t\t\t<section class=\"elementor-section elementor-top-section elementor-element elementor-element-60e17c1 elementor-section-boxed elementor-section-height-default elementor-section-height-default\" data-id=\"60e17c1\" data-element_type=\"section\" data-e-type=\"section\">\n\t\t\t\t\t\t<div class=\"elementor-container elementor-column-gap-default\">\n\t\t\t\t\t<div class=\"elementor-column elementor-col-66 elementor-top-column elementor-element elementor-element-0d14ce7\" data-id=\"0d14ce7\" data-element_type=\"column\" data-e-type=\"column\">\n\t\t\t<div class=\"elementor-widget-wrap elementor-element-populated\">\n\t\t\t\t\t\t<div class=\"elementor-element elementor-element-e0836ee elementor-widget elementor-widget-image\" data-id=\"e0836ee\" data-element_type=\"widget\" data-e-type=\"widget\" data-widget_type=\"image.default\">\n\t\t\t\t<div class=\"elementor-widget-container\">\n\t\t\t\t\t\t\t\t\t\t\t\t\t\t\t<img fetchpriority=\"high\" decoding=\"async\" width=\"480\" height=\"640\" src=\"https:\/\/kristall-klar.ch\/wp-content\/uploads\/2021\/03\/Window-and-facade-cleaning-in-Zu-1.jpg\" class=\"attachment-large size-large wp-image-9348\" alt=\"An employee cleaning a facade on a building in Zug\" srcset=\"https:\/\/kristall-klar.ch\/wp-content\/uploads\/2021\/03\/Window-and-facade-cleaning-in-Zu-1.jpg 480w, https:\/\/kristall-klar.ch\/wp-content\/uploads\/2021\/03\/Window-and-facade-cleaning-in-Zu-1-225x300.jpg 225w, https:\/\/kristall-klar.ch\/wp-content\/uploads\/2021\/03\/Window-and-facade-cleaning-in-Zu-1-9x12.jpg 9w\" sizes=\"(max-width: 480px) 100vw, 480px\" \/>\t\t\t\t\t\t\t\t\t\t\t\t\t\t\t<\/div>\n\t\t\t\t<\/div>\n\t\t\t\t\t<\/div>\n\t\t<\/div>\n\t\t\t\t<div class=\"elementor-column elementor-col-33 elementor-top-column elementor-element elementor-element-2b059e8\" data-id=\"2b059e8\" data-element_type=\"column\" data-e-type=\"column\">\n\t\t\t<div class=\"elementor-widget-wrap elementor-element-populated\">\n\t\t\t\t\t\t<div class=\"elementor-element elementor-element-262d768d elementor-widget elementor-widget-text-editor\" data-id=\"262d768d\" data-element_type=\"widget\" data-e-type=\"widget\" data-widget_type=\"text-editor.default\">\n\t\t\t\t<div class=\"elementor-widget-container\">\n\t\t\t\t\t\t\t\t\t\n<p><span style=\"font-weight: 400;\">Window and Facade Cleaning in Zug\nKristall-Klar is offering specialised window and Facade cleaning. Our highly qualified team will ensure your windows are crystal clear clean. We work in Zug, Baar, Cham, Pf\u00e4ffikon SZ, Hurden, Freienbach, B\u00e4ch, Wollerau, Schindellegi, Feusisberg, Richterswil, W\u00e4denswil, Horgen, Adliswil, Thalwil, Kilchberg, R\u00fcschlikon, Wollishofen, Z\u00fcrich, Oerlikon, K\u00fcsnacht, Pf\u00e4ffikon ZH, Meilen, St\u00e4fa, Jona, Rapperswil, Wald, Wangen, Tuggen, Schmerikon, Uerikon, Siebnen, Galgenen, Lachen, Altendorf, Einsiedeln, Egg, Schwyz, and Herrliberg and more\u2026<\/span><\/p>\n\t\t\t\t\t\t\t\t<\/div>\n\t\t\t\t<\/div>\n\t\t\t\t\t<\/div>\n\t\t<\/div>\n\t\t\t\t\t<\/div>\n\t\t<\/section>\n\t\t\t\t<\/div>","protected":false},"excerpt":{"rendered":"<p>zur\u00fcck Kristall-klar bietet Ihnen Fensterreinigung und Fassadenreinigung an. Unser hochqualifiziertes Team sorgt daf\u00fcr, dass Ihre Fenster kristallklar sauber sind. Wir arbeiten in Zug, Baar, Cham, Pf\u00e4ffikon SZ, Hurden, Freienbach, B\u00e4ch, Wollerau, Schindellegi, Feusisberg, Richterswil, W\u00e4denswil, Horgen, Adliswil, Thalwil, Kilchberg, R\u00fcschlikon, Wollishofen, Z\u00fcrich, Oerlikon, K\u00fcsnacht, Pf\u00e4ffikon ZH, Meilen, St\u00e4fa, Jona, Rapperswil, Wald, Wangen, Tuggen, Schmerikon, Uerikon, [&hellip;]<\/p>\n","protected":false},"author":10,"featured_media":9348,"comment_status":"closed","ping_status":"closed","sticky":false,"template":"","format":"standard","meta":{"footnotes":""},"categories":[81],"tags":[],"class_list":["post-2954","post","type-post","status-publish","format-standard","has-post-thumbnail","hentry","category-projects"],"yoast_head":"<!-- This site is optimized with the Yoast SEO plugin v27.5 - https:\/\/yoast.com\/product\/yoast-seo-wordpress\/ -->\n<title>Fenster- &amp; Fassadenreinigung in Zug|Kristall-Klar<\/title>\n<meta name=\"description\" content=\"Kristall-klar bietet Ihnen Fensterreinigung und Fassadenreinigung in Zug an. Kontaktieren Sie uns f\u00fcr eine kostenlose Beratung\" \/>\n<meta name=\"robots\" content=\"index, follow, max-snippet:-1, max-image-preview:large, max-video-preview:-1\" \/>\n<link rel=\"canonical\" href=\"https:\/\/kristall-klar.ch\/en\/window-and-facade-cleaning-in-zug\/\" \/>\n<meta property=\"og:locale\" content=\"en_GB\" \/>\n<meta property=\"og:type\" content=\"article\" \/>\n<meta property=\"og:title\" content=\"Fenster- &amp; Fassadenreinigung in Zug|Kristall-Klar\" \/>\n<meta property=\"og:description\" content=\"Kristall-klar bietet Ihnen Fensterreinigung und Fassadenreinigung in Zug an. Kontaktieren Sie uns f\u00fcr eine kostenlose Beratung\" \/>\n<meta property=\"og:url\" content=\"https:\/\/kristall-klar.ch\/en\/window-and-facade-cleaning-in-zug\/\" \/>\n<meta property=\"og:site_name\" content=\"Kristall-Klar GmbH | Reinigungsfirma in Z\u00fcrich\" \/>\n<meta property=\"article:published_time\" content=\"2021-03-03T21:04:32+00:00\" \/>\n<meta property=\"article:modified_time\" content=\"2021-10-04T14:23:14+00:00\" \/>\n<meta property=\"og:image\" content=\"https:\/\/kristall-klar.ch\/wp-content\/uploads\/2021\/03\/Window-and-facade-cleaning-in-Zu-1.jpg\" \/>\n\t<meta property=\"og:image:width\" content=\"480\" \/>\n\t<meta property=\"og:image:height\" content=\"640\" \/>\n\t<meta property=\"og:image:type\" content=\"image\/jpeg\" \/>\n<meta name=\"author\" content=\"rpm admin\" \/>\n<meta name=\"twitter:card\" content=\"summary_large_image\" \/>\n<meta name=\"twitter:label1\" content=\"Written by\" \/>\n\t<meta name=\"twitter:data1\" content=\"rpm admin\" \/>\n\t<meta name=\"twitter:label2\" content=\"Estimated reading time\" \/>\n\t<meta name=\"twitter:data2\" content=\"1 minute\" \/>\n<script type=\"application\/ld+json\" class=\"yoast-schema-graph\">{\"@context\":\"https:\\\/\\\/schema.org\",\"@graph\":[{\"@type\":\"Article\",\"@id\":\"https:\\\/\\\/kristall-klar.ch\\\/fenster-fassadenreinigung-in-zug\\\/#article\",\"isPartOf\":{\"@id\":\"https:\\\/\\\/kristall-klar.ch\\\/fenster-fassadenreinigung-in-zug\\\/\"},\"author\":{\"name\":\"rpm admin\",\"@id\":\"https:\\\/\\\/kristall-klar.ch\\\/#\\\/schema\\\/person\\\/4907998f229f8d23275710ee47132adc\"},\"headline\":\"Fenster- &#038; Fassadenreinigung in Zug\",\"datePublished\":\"2021-03-03T21:04:32+00:00\",\"dateModified\":\"2021-10-04T14:23:14+00:00\",\"mainEntityOfPage\":{\"@id\":\"https:\\\/\\\/kristall-klar.ch\\\/fenster-fassadenreinigung-in-zug\\\/\"},\"wordCount\":79,\"publisher\":{\"@id\":\"https:\\\/\\\/kristall-klar.ch\\\/#organization\"},\"image\":{\"@id\":\"https:\\\/\\\/kristall-klar.ch\\\/fenster-fassadenreinigung-in-zug\\\/#primaryimage\"},\"thumbnailUrl\":\"https:\\\/\\\/kristall-klar.ch\\\/wp-content\\\/uploads\\\/2021\\\/03\\\/Window-and-facade-cleaning-in-Zu-1.jpg\",\"articleSection\":[\"Projects\"],\"inLanguage\":\"en-GB\"},{\"@type\":\"WebPage\",\"@id\":\"https:\\\/\\\/kristall-klar.ch\\\/fenster-fassadenreinigung-in-zug\\\/\",\"url\":\"https:\\\/\\\/kristall-klar.ch\\\/fenster-fassadenreinigung-in-zug\\\/\",\"name\":\"Fenster- & Fassadenreinigung in Zug|Kristall-Klar\",\"isPartOf\":{\"@id\":\"https:\\\/\\\/kristall-klar.ch\\\/#website\"},\"primaryImageOfPage\":{\"@id\":\"https:\\\/\\\/kristall-klar.ch\\\/fenster-fassadenreinigung-in-zug\\\/#primaryimage\"},\"image\":{\"@id\":\"https:\\\/\\\/kristall-klar.ch\\\/fenster-fassadenreinigung-in-zug\\\/#primaryimage\"},\"thumbnailUrl\":\"https:\\\/\\\/kristall-klar.ch\\\/wp-content\\\/uploads\\\/2021\\\/03\\\/Window-and-facade-cleaning-in-Zu-1.jpg\",\"datePublished\":\"2021-03-03T21:04:32+00:00\",\"dateModified\":\"2021-10-04T14:23:14+00:00\",\"description\":\"Kristall-klar bietet Ihnen Fensterreinigung und Fassadenreinigung in Zug an. Kontaktieren Sie uns f\u00fcr eine kostenlose Beratung\",\"breadcrumb\":{\"@id\":\"https:\\\/\\\/kristall-klar.ch\\\/fenster-fassadenreinigung-in-zug\\\/#breadcrumb\"},\"inLanguage\":\"en-GB\",\"potentialAction\":[{\"@type\":\"ReadAction\",\"target\":[\"https:\\\/\\\/kristall-klar.ch\\\/fenster-fassadenreinigung-in-zug\\\/\"]}]},{\"@type\":\"ImageObject\",\"inLanguage\":\"en-GB\",\"@id\":\"https:\\\/\\\/kristall-klar.ch\\\/fenster-fassadenreinigung-in-zug\\\/#primaryimage\",\"url\":\"https:\\\/\\\/kristall-klar.ch\\\/wp-content\\\/uploads\\\/2021\\\/03\\\/Window-and-facade-cleaning-in-Zu-1.jpg\",\"contentUrl\":\"https:\\\/\\\/kristall-klar.ch\\\/wp-content\\\/uploads\\\/2021\\\/03\\\/Window-and-facade-cleaning-in-Zu-1.jpg\",\"width\":480,\"height\":640,\"caption\":\"Mitarbeiter bei der Reinigung einer Fassade an einem Geb\u00e4ude in Zug\"},{\"@type\":\"BreadcrumbList\",\"@id\":\"https:\\\/\\\/kristall-klar.ch\\\/fenster-fassadenreinigung-in-zug\\\/#breadcrumb\",\"itemListElement\":[{\"@type\":\"ListItem\",\"position\":1,\"name\":\"Home\",\"item\":\"https:\\\/\\\/kristall-klar.ch\\\/\"},{\"@type\":\"ListItem\",\"position\":2,\"name\":\"Fenster- &#038; Fassadenreinigung in Zug\"}]},{\"@type\":\"WebSite\",\"@id\":\"https:\\\/\\\/kristall-klar.ch\\\/#website\",\"url\":\"https:\\\/\\\/kristall-klar.ch\\\/\",\"name\":\"Kristall-Klar GmbH | Reinigungsfirma in Z\u00fcrich\",\"description\":\"Kristall-Klar ist Ihre vertrauensw\u00fcrdige Z\u00fcrcher Reinigungsfirma f\u00fcr alle Ihre Reinigungsbed\u00fcrfnisse seit 2009. Lassen Sie sich kostenlos beraten.\",\"publisher\":{\"@id\":\"https:\\\/\\\/kristall-klar.ch\\\/#organization\"},\"potentialAction\":[{\"@type\":\"SearchAction\",\"target\":{\"@type\":\"EntryPoint\",\"urlTemplate\":\"https:\\\/\\\/kristall-klar.ch\\\/?s={search_term_string}\"},\"query-input\":{\"@type\":\"PropertyValueSpecification\",\"valueRequired\":true,\"valueName\":\"search_term_string\"}}],\"inLanguage\":\"en-GB\"},{\"@type\":\"Organization\",\"@id\":\"https:\\\/\\\/kristall-klar.ch\\\/#organization\",\"name\":\"Kristall-Klar GmbH | Reinigungsfirma in Z\u00fcrich\",\"url\":\"https:\\\/\\\/kristall-klar.ch\\\/\",\"logo\":{\"@type\":\"ImageObject\",\"inLanguage\":\"en-GB\",\"@id\":\"https:\\\/\\\/kristall-klar.ch\\\/#\\\/schema\\\/logo\\\/image\\\/\",\"url\":\"https:\\\/\\\/kristall-klar.ch\\\/wp-content\\\/uploads\\\/2021\\\/02\\\/cropped-kristalll-klar-logo-mit-frau-rechts.png\",\"contentUrl\":\"https:\\\/\\\/kristall-klar.ch\\\/wp-content\\\/uploads\\\/2021\\\/02\\\/cropped-kristalll-klar-logo-mit-frau-rechts.png\",\"width\":1023,\"height\":245,\"caption\":\"Kristall-Klar GmbH | Reinigungsfirma in Z\u00fcrich\"},\"image\":{\"@id\":\"https:\\\/\\\/kristall-klar.ch\\\/#\\\/schema\\\/logo\\\/image\\\/\"}},{\"@type\":\"Person\",\"@id\":\"https:\\\/\\\/kristall-klar.ch\\\/#\\\/schema\\\/person\\\/4907998f229f8d23275710ee47132adc\",\"name\":\"rpm admin\",\"url\":\"https:\\\/\\\/kristall-klar.ch\\\/en\\\/author\\\/angelo\\\/\"}]}<\/script>\n<!-- \/ Yoast SEO plugin. -->","yoast_head_json":{"title":"Window and Facade Cleaning in Zug|Kristall-Klar","description":"Kristall-klar offers window cleaning and facade cleaning in Zug. Contact us for a free consultation","robots":{"index":"index","follow":"follow","max-snippet":"max-snippet:-1","max-image-preview":"max-image-preview:large","max-video-preview":"max-video-preview:-1"},"canonical":"https:\/\/kristall-klar.ch\/en\/window-and-facade-cleaning-in-zug\/","og_locale":"en_GB","og_type":"article","og_title":"Fenster- & Fassadenreinigung in Zug|Kristall-Klar","og_description":"Kristall-klar bietet Ihnen Fensterreinigung und Fassadenreinigung in Zug an. Kontaktieren Sie uns f\u00fcr eine kostenlose Beratung","og_url":"https:\/\/kristall-klar.ch\/en\/window-and-facade-cleaning-in-zug\/","og_site_name":"Kristall-Klar GmbH | Reinigungsfirma in Z\u00fcrich","article_published_time":"2021-03-03T21:04:32+00:00","article_modified_time":"2021-10-04T14:23:14+00:00","og_image":[{"width":480,"height":640,"url":"https:\/\/kristall-klar.ch\/wp-content\/uploads\/2021\/03\/Window-and-facade-cleaning-in-Zu-1.jpg","type":"image\/jpeg"}],"author":"rpm admin","twitter_card":"summary_large_image","twitter_misc":{"Written by":"rpm admin","Estimated reading time":"1 minute"},"schema":{"@context":"https:\/\/schema.org","@graph":[{"@type":"Article","@id":"https:\/\/kristall-klar.ch\/fenster-fassadenreinigung-in-zug\/#article","isPartOf":{"@id":"https:\/\/kristall-klar.ch\/fenster-fassadenreinigung-in-zug\/"},"author":{"name":"rpm admin","@id":"https:\/\/kristall-klar.ch\/#\/schema\/person\/4907998f229f8d23275710ee47132adc"},"headline":"Fenster- &#038; Fassadenreinigung in Zug","datePublished":"2021-03-03T21:04:32+00:00","dateModified":"2021-10-04T14:23:14+00:00","mainEntityOfPage":{"@id":"https:\/\/kristall-klar.ch\/fenster-fassadenreinigung-in-zug\/"},"wordCount":79,"publisher":{"@id":"https:\/\/kristall-klar.ch\/#organization"},"image":{"@id":"https:\/\/kristall-klar.ch\/fenster-fassadenreinigung-in-zug\/#primaryimage"},"thumbnailUrl":"https:\/\/kristall-klar.ch\/wp-content\/uploads\/2021\/03\/Window-and-facade-cleaning-in-Zu-1.jpg","articleSection":["Projects"],"inLanguage":"en-GB"},{"@type":"WebPage","@id":"https:\/\/kristall-klar.ch\/fenster-fassadenreinigung-in-zug\/","url":"https:\/\/kristall-klar.ch\/fenster-fassadenreinigung-in-zug\/","name":"Window and Facade Cleaning in Zug|Kristall-Klar","isPartOf":{"@id":"https:\/\/kristall-klar.ch\/#website"},"primaryImageOfPage":{"@id":"https:\/\/kristall-klar.ch\/fenster-fassadenreinigung-in-zug\/#primaryimage"},"image":{"@id":"https:\/\/kristall-klar.ch\/fenster-fassadenreinigung-in-zug\/#primaryimage"},"thumbnailUrl":"https:\/\/kristall-klar.ch\/wp-content\/uploads\/2021\/03\/Window-and-facade-cleaning-in-Zu-1.jpg","datePublished":"2021-03-03T21:04:32+00:00","dateModified":"2021-10-04T14:23:14+00:00","description":"Kristall-klar offers window cleaning and facade cleaning in Zug. Contact us for a free consultation","breadcrumb":{"@id":"https:\/\/kristall-klar.ch\/fenster-fassadenreinigung-in-zug\/#breadcrumb"},"inLanguage":"en-GB","potentialAction":[{"@type":"ReadAction","target":["https:\/\/kristall-klar.ch\/fenster-fassadenreinigung-in-zug\/"]}]},{"@type":"ImageObject","inLanguage":"en-GB","@id":"https:\/\/kristall-klar.ch\/fenster-fassadenreinigung-in-zug\/#primaryimage","url":"https:\/\/kristall-klar.ch\/wp-content\/uploads\/2021\/03\/Window-and-facade-cleaning-in-Zu-1.jpg","contentUrl":"https:\/\/kristall-klar.ch\/wp-content\/uploads\/2021\/03\/Window-and-facade-cleaning-in-Zu-1.jpg","width":480,"height":640,"caption":"Mitarbeiter bei der Reinigung einer Fassade an einem Geb\u00e4ude in Zug"},{"@type":"BreadcrumbList","@id":"https:\/\/kristall-klar.ch\/fenster-fassadenreinigung-in-zug\/#breadcrumb","itemListElement":[{"@type":"ListItem","position":1,"name":"Home","item":"https:\/\/kristall-klar.ch\/"},{"@type":"ListItem","position":2,"name":"Fenster- &#038; Fassadenreinigung in Zug"}]},{"@type":"WebSite","@id":"https:\/\/kristall-klar.ch\/#website","url":"https:\/\/kristall-klar.ch\/","name":"Kristall-Klar GmbH | Cleaning services in Zurich","description":"Kristall-Klar is your trusted Zurich cleaning company for all your cleaning services since 2009.","publisher":{"@id":"https:\/\/kristall-klar.ch\/#organization"},"potentialAction":[{"@type":"SearchAction","target":{"@type":"EntryPoint","urlTemplate":"https:\/\/kristall-klar.ch\/?s={search_term_string}"},"query-input":{"@type":"PropertyValueSpecification","valueRequired":true,"valueName":"search_term_string"}}],"inLanguage":"en-GB"},{"@type":"Organization","@id":"https:\/\/kristall-klar.ch\/#organization","name":"Kristall-Klar GmbH | Cleaning services in Zurich","url":"https:\/\/kristall-klar.ch\/","logo":{"@type":"ImageObject","inLanguage":"en-GB","@id":"https:\/\/kristall-klar.ch\/#\/schema\/logo\/image\/","url":"https:\/\/kristall-klar.ch\/wp-content\/uploads\/2021\/02\/cropped-kristalll-klar-logo-mit-frau-rechts.png","contentUrl":"https:\/\/kristall-klar.ch\/wp-content\/uploads\/2021\/02\/cropped-kristalll-klar-logo-mit-frau-rechts.png","width":1023,"height":245,"caption":"Kristall-Klar GmbH | Reinigungsfirma in Z\u00fcrich"},"image":{"@id":"https:\/\/kristall-klar.ch\/#\/schema\/logo\/image\/"}},{"@type":"Person","@id":"https:\/\/kristall-klar.ch\/#\/schema\/person\/4907998f229f8d23275710ee47132adc","name":"rpm admin","url":"https:\/\/kristall-klar.ch\/en\/author\/angelo\/"}]}},"jetpack_featured_media_url":"https:\/\/kristall-klar.ch\/wp-content\/uploads\/2021\/03\/Window-and-facade-cleaning-in-Zu-1.jpg","_links":{"self":[{"href":"https:\/\/kristall-klar.ch\/en\/wp-json\/wp\/v2\/posts\/2954","targetHints":{"allow":["GET"]}}],"collection":[{"href":"https:\/\/kristall-klar.ch\/en\/wp-json\/wp\/v2\/posts"}],"about":[{"href":"https:\/\/kristall-klar.ch\/en\/wp-json\/wp\/v2\/types\/post"}],"author":[{"embeddable":true,"href":"https:\/\/kristall-klar.ch\/en\/wp-json\/wp\/v2\/users\/10"}],"replies":[{"embeddable":true,"href":"https:\/\/kristall-klar.ch\/en\/wp-json\/wp\/v2\/comments?post=2954"}],"version-history":[{"count":0,"href":"https:\/\/kristall-klar.ch\/en\/wp-json\/wp\/v2\/posts\/2954\/revisions"}],"wp:featuredmedia":[{"embeddable":true,"href":"https:\/\/kristall-klar.ch\/en\/wp-json\/wp\/v2\/media\/9348"}],"wp:attachment":[{"href":"https:\/\/kristall-klar.ch\/en\/wp-json\/wp\/v2\/media?parent=2954"}],"wp:term":[{"taxonomy":"category","embeddable":true,"href":"https:\/\/kristall-klar.ch\/en\/wp-json\/wp\/v2\/categories?post=2954"},{"taxonomy":"post_tag","embeddable":true,"href":"https:\/\/kristall-klar.ch\/en\/wp-json\/wp\/v2\/tags?post=2954"}],"curies":[{"name":"wp","href":"https:\/\/api.w.org\/{rel}","templated":true}]}}